{"id":2359,"date":"2019-03-14T12:03:00","date_gmt":"2019-03-14T12:03:00","guid":{"rendered":"https:\/\/dmr-portugal.org\/?p=2359"},"modified":"2019-03-14T12:13:43","modified_gmt":"2019-03-14T12:13:43","slug":"almoco-convivio-dos-utilizadores-de-voz-digital","status":"publish","type":"post","link":"https:\/\/dmr-portugal.org\/?p=2359","title":{"rendered":"Almo\u00e7o conv\u00edvio dos utilizadores de Voz Digital"},"content":{"rendered":"<p>&nbsp;<\/p>\n<p style=\"text-align: center;\"><a href=\"https:\/\/dmr-portugal.org\/?attachment_id=2360\" rel=\"attachment wp-att-2360\"><img fetchpriority=\"high\" decoding=\"async\" class=\"alignnone size-full wp-image-2360\" src=\"https:\/\/dmr-portugal.org\/wp-content\/uploads\/2019\/03\/net-ct-estrela.png\" alt=\"\" width=\"1244\" height=\"757\" srcset=\"https:\/\/dmr-portugal.org\/wp-content\/uploads\/2019\/03\/net-ct-estrela.png 1244w, https:\/\/dmr-portugal.org\/wp-content\/uploads\/2019\/03\/net-ct-estrela-300x183.png 300w, https:\/\/dmr-portugal.org\/wp-content\/uploads\/2019\/03\/net-ct-estrela-768x467.png 768w, https:\/\/dmr-portugal.org\/wp-content\/uploads\/2019\/03\/net-ct-estrela-1024x623.png 1024w, https:\/\/dmr-portugal.org\/wp-content\/uploads\/2019\/03\/net-ct-estrela-150x91.png 150w\" sizes=\"(max-width: 1244px) 100vw, 1244px\" \/><\/a><\/p>\n<p>&nbsp;<\/p>\n<p>&nbsp;<\/p>\n<div class=\"\" data-block=\"true\" data-editor=\"fi662\" data-offset-key=\"9ft7c-0-0\">\n<div class=\"_1mf _1mj\" data-offset-key=\"9ft7c-0-0\"><span style=\"font-family: arial, helvetica, sans-serif; font-size: 16px;\" data-offset-key=\"9ft7c-0-0\">Paulo Sousa convida todos os radio amadores dos v\u00e1rios sistemas de voz digital, ou n\u00e3o sendo um utilizador entender o que \u00e9 a voz digital, a estarem presentes neste almo\u00e7o\/conv\u00edvio para confraterniza\u00e7\u00e3o troca de experi\u00eancias e de conhecimentos.<\/span><\/div>\n<\/div>\n<div class=\"\" data-block=\"true\" data-editor=\"fi662\" data-offset-key=\"7glac-0-0\">\n<div class=\"_1mf _1mj\" data-offset-key=\"7glac-0-0\"><span style=\"font-family: arial, helvetica, sans-serif; font-size: 16px;\" data-offset-key=\"7glac-0-0\">\u00a0<\/span><\/div>\n<\/div>\n<div class=\"\" data-block=\"true\" data-editor=\"fi662\" data-offset-key=\"fjbis-0-0\">\n<div class=\"_1mf _1mj\" data-offset-key=\"fjbis-0-0\"><strong><span style=\"font-family: arial, helvetica, sans-serif; font-size: 16px;\" data-offset-key=\"fjbis-0-0\">Folgosinho \u00e9 uma bonita freguesia pertencente ao concelho de Gouveia, situada na encosta Norte da Serra da Estrela, a 933 metros de altitude, sendo conhecida por ter sido, segundo a tradi\u00e7\u00e3o, o local de nascimento do grande guerreiro Lusitano: Viriato. <\/span><\/strong><\/div>\n<\/div>\n<div class=\"\" data-block=\"true\" data-editor=\"fi662\" data-offset-key=\"4l1ct-0-0\">\n<div class=\"_1mf _1mj\" data-offset-key=\"4l1ct-0-0\"><strong><span style=\"font-family: arial, helvetica, sans-serif; font-size: 16px;\" data-offset-key=\"4l1ct-0-0\">\u00a0<\/span><\/strong><\/div>\n<\/div>\n<div class=\"\" data-block=\"true\" data-editor=\"fi662\" data-offset-key=\"3t062-0-0\">\n<div class=\"_1mf _1mj\" data-offset-key=\"3t062-0-0\"><strong><span style=\"font-family: arial, helvetica, sans-serif; font-size: 16px;\" data-offset-key=\"3t062-0-0\">Podem aproveitar para visitar esta pequena vila de ruas tradicionais serranas, tem a particularidade de ter as suas ruas decoradas com quadras populares, encimadas pelo seu Castelo, e contando com outros monumentos como a igreja Matriz do s\u00e9culo XVI, o Pelourinho, o local de Cerro das Forcas onde existia a antiga Forca da vila, bem pr\u00f3ximo do s\u00edtio arqueol\u00f3gico do Outeiro, ou as Fontes tradicionais da vila, como a do Pedr\u00e3o.<\/span><\/strong><\/div>\n<\/div>\n<div data-offset-key=\"3t062-0-0\"><\/div>\n<div data-offset-key=\"3t062-0-0\">\n<hr \/>\n<\/div>\n","protected":false},"excerpt":{"rendered":"<p>&nbsp; &nbsp; &nbsp; Paulo Sousa convida todos os radio amadores dos v\u00e1rios sistemas de voz digital, ou n\u00e3o sendo um utilizador entender o que \u00e9 a voz digital, a estarem presentes neste almo\u00e7o\/conv\u00edvio para confraterniza\u00e7\u00e3o troca de experi\u00eancias e de conhecimentos. \u00a0 Folgosinho \u00e9 uma bonita freguesia pertencente ao concelho \u2026 <a class=\"continue-reading-link\" href=\"https:\/\/dmr-portugal.org\/?p=2359\"> Continua&#8230; <span class=\"meta-nav\">&rarr; <\/span><\/a><\/p>\n","protected":false},"author":1,"featured_media":0,"comment_status":"open","ping_status":"open","sticky":false,"template":"","format":"standard","meta":{"footnotes":""},"categories":[11],"tags":[],"class_list":["post-2359","post","type-post","status-publish","format-standard","hentry","category-geral-noticias"],"_links":{"self":[{"href":"https:\/\/dmr-portugal.org\/index.php?rest_route=\/wp\/v2\/posts\/2359","targetHints":{"allow":["GET"]}}],"collection":[{"href":"https:\/\/dmr-portugal.org\/index.php?rest_route=\/wp\/v2\/posts"}],"about":[{"href":"https:\/\/dmr-portugal.org\/index.php?rest_route=\/wp\/v2\/types\/post"}],"author":[{"embeddable":true,"href":"https:\/\/dmr-portugal.org\/index.php?rest_route=\/wp\/v2\/users\/1"}],"replies":[{"embeddable":true,"href":"https:\/\/dmr-portugal.org\/index.php?rest_route=%2Fwp%2Fv2%2Fcomments&post=2359"}],"version-history":[{"count":0,"href":"https:\/\/dmr-portugal.org\/index.php?rest_route=\/wp\/v2\/posts\/2359\/revisions"}],"wp:attachment":[{"href":"https:\/\/dmr-portugal.org\/index.php?rest_route=%2Fwp%2Fv2%2Fmedia&parent=2359"}],"wp:term":[{"taxonomy":"category","embeddable":true,"href":"https:\/\/dmr-portugal.org\/index.php?rest_route=%2Fwp%2Fv2%2Fcategories&post=2359"},{"taxonomy":"post_tag","embeddable":true,"href":"https:\/\/dmr-portugal.org\/index.php?rest_route=%2Fwp%2Fv2%2Ftags&post=2359"}],"curies":[{"name":"wp","href":"https:\/\/api.w.org\/{rel}","templated":true}]}}